{"id":410,"date":"2008-04-20T11:25:18","date_gmt":"2008-04-20T09:25:18","guid":{"rendered":"http:\/\/la-croix-du-verre.com\/?p=410"},"modified":"2016-12-28T11:30:31","modified_gmt":"2016-12-28T10:30:31","slug":"benediction-de-la-croix-du-verre","status":"publish","type":"post","link":"http:\/\/la-croix-du-verre.com\/index.php\/fr\/2008\/04\/20\/benediction-de-la-croix-du-verre\/","title":{"rendered":"B\u00e9n\u00e9diction de la Croix du Verre"},"content":{"rendered":"<p><strong>Discours prononc\u00e9 par Olivier lors de la b\u00e9n\u00e9diction de la Croix du Verre, le 22 mars 2008 :<\/strong><\/p>\n<p><img decoding=\"async\" loading=\"lazy\" class=\"size-full wp-image-413 alignright\" src=\"http:\/\/la-croix-du-verre.com\/wp-content\/uploads\/2008\/04\/benediction2.jpg\" alt=\"\" width=\"200\" height=\"267\" \/>Mesdames, Messieurs, chers Amis, chers Coll\u00e8gues,<\/p>\n<p>En premier lieu et \u00e0 la veille de P\u00e2ques, je voudrais remercier certaines personnes pour l\u2019aide qu\u2019ils m\u2019ont apport\u00e9e pour la r\u00e9novation de cette Croix.<\/p>\n<p>Je voudrais remercier l\u2019ap\u00f4tre Jean-Paul qui a con\u00e7u et fabriqu\u00e9 cette Croix. Puis l\u2019ap\u00f4tre Philippe qui l\u2019a install\u00e9e et cr\u00e9pie, l\u2019ap\u00f4tre Jacques qui a fourni la logistique et le b\u00e9ton, et enfin l\u2019ap\u00f4tre Jean-Pierre qui a fourni l\u2019\u00e9lectricit\u00e9 et les photos. Je pense qu\u2019ils ont bien accompli leur mission car voil\u00e0 la vrai d\u00e9finition du mot Ap\u00f4tre, accomplir sa mission.<\/p>\n<p>Je tiens donc \u00e0 ce qu\u2019on les applaudisse tr\u00e8s fort.<\/p>\n<p>Cette Croix est situ\u00e9e comme souvent au carrefour des chemins\u2026<\/p>\n<p>Chemin du pass\u00e9 et chemin de l\u2019avenir, elle marque bien le savant m\u00e9lange de notre m\u00e9tier de vigneron alliant traditions et modernit\u00e9.<\/p>\n<p>A travers ce symbole religieux, je voudrais qu\u2019en ce jour, chacun d\u2019entre nous ait une petite pens\u00e9e pour toutes ces g\u00e9n\u00e9rations de vignerons, parents, grands-parents, arri\u00e8res grands-parents, qui ont \u0153uvr\u00e9 par leur dur labeur afin que ce terroir si particulier arrive intact jusque \u00e0 nous.<\/p>\n<p>Je ne me consid\u00e8re pas comme propri\u00e9taire de ce terroir, mais juste comme le gardien temporaire de cet h\u00e9ritage.<\/p>\n<p>Essayant de pr\u00e9server, d\u2019am\u00e9liorer, voire d\u2019embellir cette terre.<\/p>\n<p>Car je pense que depuis ces derni\u00e8res ann\u00e9es ce petit morceau de Crozes-Hermitage retrouve peu \u00e0 peu sa splendeur d\u2019antan gr\u00e2ce \u00e0 l\u2019effort de tous ces vignerons.<\/p>\n<p>Enfin, pour conclure, je voudrais interpeller la \u00ab Nouvelle Municipalit\u00e9 \u00bb sur un autre monument plus volumineux de notre patrimoine larnageois qui d\u2019ann\u00e9es en ann\u00e9es dispara\u00eet de plus en plus sous la broussaille. Je veux parler du ch\u00e2teau (car il faut \u00eatre Larnagois pour savoir que c\u2019est un ch\u00e2teau). Je sais tr\u00e8s bien que le probl\u00e8me est d\u00e9licat mais il serait bon de nouveau d\u2019en d\u00e9battre car le temps presse.<\/p>\n<p>Tr\u00eave de discours. Je vous invite tous, afin de cl\u00f4turer cette matin\u00e9e, \u00e0 venir boire le verre de l\u2019amiti\u00e9 \u00e0 ma cave.<\/p>\n<p><img decoding=\"async\" loading=\"lazy\" class=\"aligncenter wp-image-415 size-full\" src=\"http:\/\/la-croix-du-verre.com\/wp-content\/uploads\/2008\/04\/benediction1.jpg\" width=\"560\" height=\"371\" srcset=\"http:\/\/la-croix-du-verre.com\/wp-content\/uploads\/2008\/04\/benediction1.jpg 560w, http:\/\/la-croix-du-verre.com\/wp-content\/uploads\/2008\/04\/benediction1-300x199.jpg 300w, http:\/\/la-croix-du-verre.com\/wp-content\/uploads\/2008\/04\/benediction1-408x270.jpg 408w\" sizes=\"(max-width: 560px) 100vw, 560px\" \/><\/p>\n","protected":false},"excerpt":{"rendered":"<p>Discours prononc\u00e9 par Olivier lors de la b\u00e9n\u00e9diction de la Croix du Verre, le 22 mars 2008 : Mesdames, Messieurs, chers Amis, chers Coll\u00e8gues, En premier lieu et \u00e0 la veille de P\u00e2ques, je voudrais remercier certaines personnes pour l\u2019aide qu\u2019ils m\u2019ont apport\u00e9e pour la r\u00e9novation de cette Croix. Je voudrais remercier l\u2019ap\u00f4tre Jean-Paul qui a con\u00e7u et fabriqu\u00e9 cette Croix. Puis l\u2019ap\u00f4tre Philippe qui l\u2019a install\u00e9e et cr\u00e9pie, l\u2019ap\u00f4tre Jacques qui a fourni la logistique et le b\u00e9ton, et&#8230;<\/p>\n<p class=\"read-more\"><a class=\"btn btn-default\" href=\"http:\/\/la-croix-du-verre.com\/index.php\/fr\/2008\/04\/20\/benediction-de-la-croix-du-verre\/\">Lire la suite<span class=\"screen-reader-text\"> Lire la suite<\/span><\/a><\/p>\n","protected":false},"author":1,"featured_media":0,"comment_status":"closed","ping_status":"closed","sticky":false,"template":"","format":"standard","meta":{"footnotes":""},"categories":[27],"tags":[39],"_links":{"self":[{"href":"http:\/\/la-croix-du-verre.com\/index.php\/wp-json\/wp\/v2\/posts\/410"}],"collection":[{"href":"http:\/\/la-croix-du-verre.com\/index.php\/wp-json\/wp\/v2\/posts"}],"about":[{"href":"http:\/\/la-croix-du-verre.com\/index.php\/wp-json\/wp\/v2\/types\/post"}],"author":[{"embeddable":true,"href":"http:\/\/la-croix-du-verre.com\/index.php\/wp-json\/wp\/v2\/users\/1"}],"replies":[{"embeddable":true,"href":"http:\/\/la-croix-du-verre.com\/index.php\/wp-json\/wp\/v2\/comments?post=410"}],"version-history":[{"count":4,"href":"http:\/\/la-croix-du-verre.com\/index.php\/wp-json\/wp\/v2\/posts\/410\/revisions"}],"predecessor-version":[{"id":416,"href":"http:\/\/la-croix-du-verre.com\/index.php\/wp-json\/wp\/v2\/posts\/410\/revisions\/416"}],"wp:attachment":[{"href":"http:\/\/la-croix-du-verre.com\/index.php\/wp-json\/wp\/v2\/media?parent=410"}],"wp:term":[{"taxonomy":"category","embeddable":true,"href":"http:\/\/la-croix-du-verre.com\/index.php\/wp-json\/wp\/v2\/categories?post=410"},{"taxonomy":"post_tag","embeddable":true,"href":"http:\/\/la-croix-du-verre.com\/index.php\/wp-json\/wp\/v2\/tags?post=410"}],"curies":[{"name":"wp","href":"https:\/\/api.w.org\/{rel}","templated":true}]}}