{"id":440,"date":"2009-09-10T11:42:43","date_gmt":"2009-09-10T09:42:43","guid":{"rendered":"http:\/\/la-croix-du-verre.com\/?p=440"},"modified":"2016-12-28T11:47:19","modified_gmt":"2016-12-28T10:47:19","slug":"vendanges-2009-2","status":"publish","type":"post","link":"http:\/\/la-croix-du-verre.com\/index.php\/fr\/2009\/09\/10\/vendanges-2009-2\/","title":{"rendered":"Vendanges 2009"},"content":{"rendered":"<p>D\u00e9but des vendanges en Crozes Hermitage rouge. Le beau temps est toujours au rendez-vous, les degr\u00e9s sont exceptionnels (minimum 13\u00b0).<\/p>\n<p><img decoding=\"async\" loading=\"lazy\" class=\"alignnone size-medium wp-image-428\" src=\"http:\/\/la-croix-du-verre.com\/wp-content\/uploads\/2016\/12\/vendanges2009_4-300x221.jpg\" alt=\"\" width=\"300\" height=\"221\" srcset=\"http:\/\/la-croix-du-verre.com\/wp-content\/uploads\/2016\/12\/vendanges2009_4-300x221.jpg 300w, http:\/\/la-croix-du-verre.com\/wp-content\/uploads\/2016\/12\/vendanges2009_4.jpg 340w\" sizes=\"(max-width: 300px) 100vw, 300px\" \/> <img decoding=\"async\" loading=\"lazy\" class=\"alignnone size-full wp-image-429\" src=\"http:\/\/la-croix-du-verre.com\/wp-content\/uploads\/2016\/12\/vendanges2009_5.jpg\" alt=\"\" width=\"188\" height=\"251\" \/><\/p>\n<p>Avec le Soleil, l\u2019ambiance est au beau fixe&#8230;<\/p>\n<p><img decoding=\"async\" loading=\"lazy\" class=\"alignnone size-full wp-image-430\" src=\"http:\/\/la-croix-du-verre.com\/wp-content\/uploads\/2016\/12\/vendanges2009_6.jpg\" alt=\"\" width=\"264\" height=\"198\" \/> <img decoding=\"async\" loading=\"lazy\" class=\"alignnone size-full wp-image-431\" src=\"http:\/\/la-croix-du-verre.com\/wp-content\/uploads\/2016\/12\/vendanges2009_7.jpg\" alt=\"\" width=\"264\" height=\"198\" \/><\/p>\n<p><img decoding=\"async\" loading=\"lazy\" class=\"alignnone size-full wp-image-432\" src=\"http:\/\/la-croix-du-verre.com\/wp-content\/uploads\/2016\/12\/vendanges2009_8.jpg\" alt=\"\" width=\"264\" height=\"198\" \/> <img decoding=\"async\" loading=\"lazy\" class=\"alignnone size-full wp-image-433\" src=\"http:\/\/la-croix-du-verre.com\/wp-content\/uploads\/2016\/12\/vendanges2009_9.jpg\" alt=\"\" width=\"264\" height=\"198\" \/><\/p>\n<p>Sauf pour les porteurs&#8230;<\/p>\n<p><img decoding=\"async\" loading=\"lazy\" class=\"alignnone size-full wp-image-434\" src=\"http:\/\/la-croix-du-verre.com\/wp-content\/uploads\/2016\/12\/vendanges2009_10.jpg\" alt=\"\" width=\"264\" height=\"198\" \/> <img decoding=\"async\" loading=\"lazy\" class=\"alignnone size-full wp-image-435\" src=\"http:\/\/la-croix-du-verre.com\/wp-content\/uploads\/2016\/12\/vendanges2009_11.jpg\" alt=\"\" width=\"264\" height=\"198\" \/><\/p>\n<p>Apr\u00e8s l\u2019effort, le r\u00e9confort ! On se demande m\u00eame si les vendangeurs ne viennent pas plut\u00f4t pour les petits plats de Maryline ?<\/p>\n<p><img decoding=\"async\" loading=\"lazy\" class=\"alignnone size-full wp-image-436\" src=\"http:\/\/la-croix-du-verre.com\/wp-content\/uploads\/2016\/12\/vendanges2009_12.jpg\" alt=\"\" width=\"264\" height=\"198\" \/> <img decoding=\"async\" loading=\"lazy\" class=\"alignnone size-full wp-image-437\" src=\"http:\/\/la-croix-du-verre.com\/wp-content\/uploads\/2016\/12\/vendanges2009_13.jpg\" alt=\"\" width=\"264\" height=\"198\" \/><\/p>\n<p>D\u2019o\u00f9 un petit coup de pompe en d\u00e9but d\u2019apr\u00e8s-midi mais bien vite pass\u00e9.<\/p>\n<p><img decoding=\"async\" loading=\"lazy\" class=\"wp-image-438 size-full alignnone\" src=\"http:\/\/la-croix-du-verre.com\/wp-content\/uploads\/2016\/12\/vendanges2009_14.jpg\" width=\"560\" height=\"420\" srcset=\"http:\/\/la-croix-du-verre.com\/wp-content\/uploads\/2016\/12\/vendanges2009_14.jpg 560w, http:\/\/la-croix-du-verre.com\/wp-content\/uploads\/2016\/12\/vendanges2009_14-300x225.jpg 300w, http:\/\/la-croix-du-verre.com\/wp-content\/uploads\/2016\/12\/vendanges2009_14-360x270.jpg 360w\" sizes=\"(max-width: 560px) 100vw, 560px\" \/><\/p>\n","protected":false},"excerpt":{"rendered":"<p>D\u00e9but des vendanges en Crozes Hermitage rouge. Le beau temps est toujours au rendez-vous, les degr\u00e9s sont exceptionnels (minimum 13\u00b0). Avec le Soleil, l\u2019ambiance est au beau fixe&#8230; Sauf pour les porteurs&#8230; Apr\u00e8s l\u2019effort, le r\u00e9confort ! On se demande m\u00eame si les vendangeurs ne viennent pas plut\u00f4t pour les petits plats de Maryline ? D\u2019o\u00f9 un petit coup de pompe en d\u00e9but d\u2019apr\u00e8s-midi mais bien vite pass\u00e9.<\/p>\n","protected":false},"author":1,"featured_media":0,"comment_status":"closed","ping_status":"closed","sticky":false,"template":"","format":"standard","meta":{"footnotes":""},"categories":[27],"tags":[35,29],"_links":{"self":[{"href":"http:\/\/la-croix-du-verre.com\/index.php\/wp-json\/wp\/v2\/posts\/440"}],"collection":[{"href":"http:\/\/la-croix-du-verre.com\/index.php\/wp-json\/wp\/v2\/posts"}],"about":[{"href":"http:\/\/la-croix-du-verre.com\/index.php\/wp-json\/wp\/v2\/types\/post"}],"author":[{"embeddable":true,"href":"http:\/\/la-croix-du-verre.com\/index.php\/wp-json\/wp\/v2\/users\/1"}],"replies":[{"embeddable":true,"href":"http:\/\/la-croix-du-verre.com\/index.php\/wp-json\/wp\/v2\/comments?post=440"}],"version-history":[{"count":2,"href":"http:\/\/la-croix-du-verre.com\/index.php\/wp-json\/wp\/v2\/posts\/440\/revisions"}],"predecessor-version":[{"id":442,"href":"http:\/\/la-croix-du-verre.com\/index.php\/wp-json\/wp\/v2\/posts\/440\/revisions\/442"}],"wp:attachment":[{"href":"http:\/\/la-croix-du-verre.com\/index.php\/wp-json\/wp\/v2\/media?parent=440"}],"wp:term":[{"taxonomy":"category","embeddable":true,"href":"http:\/\/la-croix-du-verre.com\/index.php\/wp-json\/wp\/v2\/categories?post=440"},{"taxonomy":"post_tag","embeddable":true,"href":"http:\/\/la-croix-du-verre.com\/index.php\/wp-json\/wp\/v2\/tags?post=440"}],"curies":[{"name":"wp","href":"https:\/\/api.w.org\/{rel}","templated":true}]}}